{"id":2066,"date":"2023-01-02T15:06:00","date_gmt":"2023-01-02T14:06:00","guid":{"rendered":"https:\/\/www.lefruitierdeshalles.fr\/?p=2066"},"modified":"2023-05-17T09:58:58","modified_gmt":"2023-05-17T07:58:58","slug":"changement-de-proprietaire","status":"publish","type":"post","link":"https:\/\/www.lefruitierdeshalles.fr\/index.php\/2023\/01\/02\/changement-de-proprietaire\/","title":{"rendered":"Changement de propri\u00e9taire"},"content":{"rendered":"\n<p>Nous sommes heureux de vous annoncer qu&#8217;apr\u00e8s de nombreuses ann\u00e9es de succ\u00e8s \u00e0 la t\u00eate du Fruitier des Halles, Monsieur et Madame Caillet, ont d\u00e9cid\u00e9 de me laisser prendre les reines de cette entreprise.<\/p>\n\n\n\n<p>Le Fruitier des Halles est une institution \u00e0 Rouen, un lieu de r\u00e9f\u00e9rence pour les amateurs de fruits et l\u00e9gumes frais et de qualit\u00e9. Depuis sa cr\u00e9ation, cette entreprise a su se faire une place de choix au c\u0153ur de la ville, gr\u00e2ce \u00e0 sa s\u00e9lection rigoureuse de produits et sa grande expertise en mati\u00e8re de fruits et l\u00e9gumes.<\/p>\n\n\n\n<p>En tant que nouveau propri\u00e9taire, je suis d\u00e9termin\u00e9 \u00e0 continuer sur cette lanc\u00e9e et \u00e0 faire perdurer la tradition de qualit\u00e9 et de proximit\u00e9 que les clients du Fruitier des Halles connaissent et appr\u00e9cient depuis de nombreuses ann\u00e9es. Mon ambition est de renforcer cette image de marque et de fid\u00e9liser une client\u00e8le toujours plus exigeante.<\/p>\n\n\n\n<p>Pour ce faire, notre \u00e9quipe de professionnels passionn\u00e9s par leur m\u00e9tier et par les produits que nous vendons, allons travailler dur pour proposer des fruits et l\u00e9gumes de qualit\u00e9 sup\u00e9rieure, avec un choix vari\u00e9 et une disponibilit\u00e9 garantie.<\/p>\n\n\n\n<p>Je suis \u00e9galement tr\u00e8s \u00e0 l&#8217;\u00e9coute de vos besoins et je suis convaincu que votre satisfaction est la cl\u00e9 de notre r\u00e9ussite. Nous sommes ouverts \u00e0 toutes les suggestions et les commentaires, afin de nous am\u00e9liorer continuellement et de r\u00e9pondre au mieux \u00e0 vos attentes.<\/p>\n\n\n\n<p>Je suis honor\u00e9 de reprendre le flambeau et de continuer cette belle aventure.<\/p>\n\n\n\n<p>Cordialement,<\/p>\n\n\n\n<p>Julien Ducrocq<\/p>\n","protected":false},"excerpt":{"rendered":"<p>Nous sommes heureux de vous annoncer qu&#8217;apr\u00e8s de nombreuses ann\u00e9es de succ\u00e8s \u00e0 la t\u00eate du Fruitier des Halles, Monsieur et Madame Caillet, ont d\u00e9cid\u00e9&hellip;<\/p>\n","protected":false},"author":1,"featured_media":0,"comment_status":"closed","ping_status":"closed","sticky":false,"template":"","format":"standard","meta":{"footnotes":""},"categories":[86],"tags":[],"class_list":["post-2066","post","type-post","status-publish","format-standard","hentry","category-actualite"],"yoast_head":"<!-- This site is optimized with the Yoast SEO plugin v21.7 - https:\/\/yoast.com\/wordpress\/plugins\/seo\/ -->\n<title>Changement de propri\u00e9taire - Fruitier des Halles<\/title>\n<meta name=\"robots\" content=\"index, follow, max-snippet:-1, max-image-preview:large, max-video-preview:-1\" \/>\n<link rel=\"canonical\" href=\"http:\/\/www.lefruitierdeshalles.fr\/index.php\/2023\/01\/02\/changement-de-proprietaire\/\" \/>\n<meta property=\"og:locale\" content=\"fr_FR\" \/>\n<meta property=\"og:type\" content=\"article\" \/>\n<meta property=\"og:title\" content=\"Changement de propri\u00e9taire - Fruitier des Halles\" \/>\n<meta property=\"og:description\" content=\"Nous sommes heureux de vous annoncer qu&#8217;apr\u00e8s de nombreuses ann\u00e9es de succ\u00e8s \u00e0 la t\u00eate du Fruitier des Halles, Monsieur et Madame Caillet, ont d\u00e9cid\u00e9&hellip;\" \/>\n<meta property=\"og:url\" content=\"http:\/\/www.lefruitierdeshalles.fr\/index.php\/2023\/01\/02\/changement-de-proprietaire\/\" \/>\n<meta property=\"og:site_name\" content=\"Fruitier des Halles\" \/>\n<meta property=\"article:published_time\" content=\"2023-01-02T14:06:00+00:00\" \/>\n<meta property=\"article:modified_time\" content=\"2023-05-17T07:58:58+00:00\" \/>\n<meta name=\"author\" content=\"admin0501\" \/>\n<meta name=\"twitter:card\" content=\"summary_large_image\" \/>\n<meta name=\"twitter:label1\" content=\"\u00c9crit par\" \/>\n\t<meta name=\"twitter:data1\" content=\"admin0501\" \/>\n\t<meta name=\"twitter:label2\" content=\"Dur\u00e9e de lecture estim\u00e9e\" \/>\n\t<meta name=\"twitter:data2\" content=\"1 minute\" \/>\n<script type=\"application\/ld+json\" class=\"yoast-schema-graph\">{\"@context\":\"https:\/\/schema.org\",\"@graph\":[{\"@type\":\"Article\",\"@id\":\"http:\/\/www.lefruitierdeshalles.fr\/index.php\/2023\/01\/02\/changement-de-proprietaire\/#article\",\"isPartOf\":{\"@id\":\"http:\/\/www.lefruitierdeshalles.fr\/index.php\/2023\/01\/02\/changement-de-proprietaire\/\"},\"author\":{\"name\":\"admin0501\",\"@id\":\"http:\/\/www.lefruitierdeshalles.fr\/#\/schema\/person\/a1a715cc48c72f47e3a5e13727337d24\"},\"headline\":\"Changement de propri\u00e9taire\",\"datePublished\":\"2023-01-02T14:06:00+00:00\",\"dateModified\":\"2023-05-17T07:58:58+00:00\",\"mainEntityOfPage\":{\"@id\":\"http:\/\/www.lefruitierdeshalles.fr\/index.php\/2023\/01\/02\/changement-de-proprietaire\/\"},\"wordCount\":274,\"publisher\":{\"@id\":\"http:\/\/www.lefruitierdeshalles.fr\/#organization\"},\"articleSection\":[\"Actualit\u00e9\"],\"inLanguage\":\"fr-FR\"},{\"@type\":\"WebPage\",\"@id\":\"http:\/\/www.lefruitierdeshalles.fr\/index.php\/2023\/01\/02\/changement-de-proprietaire\/\",\"url\":\"http:\/\/www.lefruitierdeshalles.fr\/index.php\/2023\/01\/02\/changement-de-proprietaire\/\",\"name\":\"Changement de propri\u00e9taire - Fruitier des Halles\",\"isPartOf\":{\"@id\":\"http:\/\/www.lefruitierdeshalles.fr\/#website\"},\"datePublished\":\"2023-01-02T14:06:00+00:00\",\"dateModified\":\"2023-05-17T07:58:58+00:00\",\"breadcrumb\":{\"@id\":\"http:\/\/www.lefruitierdeshalles.fr\/index.php\/2023\/01\/02\/changement-de-proprietaire\/#breadcrumb\"},\"inLanguage\":\"fr-FR\",\"potentialAction\":[{\"@type\":\"ReadAction\",\"target\":[\"http:\/\/www.lefruitierdeshalles.fr\/index.php\/2023\/01\/02\/changement-de-proprietaire\/\"]}]},{\"@type\":\"BreadcrumbList\",\"@id\":\"http:\/\/www.lefruitierdeshalles.fr\/index.php\/2023\/01\/02\/changement-de-proprietaire\/#breadcrumb\",\"itemListElement\":[{\"@type\":\"ListItem\",\"position\":1,\"name\":\"Accueil\",\"item\":\"http:\/\/www.lefruitierdeshalles.fr\/\"},{\"@type\":\"ListItem\",\"position\":2,\"name\":\"Changement de propri\u00e9taire\"}]},{\"@type\":\"WebSite\",\"@id\":\"http:\/\/www.lefruitierdeshalles.fr\/#website\",\"url\":\"http:\/\/www.lefruitierdeshalles.fr\/\",\"name\":\"Fruitier des Halles\",\"description\":\"Primeur \u00e0 Rouen\",\"publisher\":{\"@id\":\"http:\/\/www.lefruitierdeshalles.fr\/#organization\"},\"potentialAction\":[{\"@type\":\"SearchAction\",\"target\":{\"@type\":\"EntryPoint\",\"urlTemplate\":\"http:\/\/www.lefruitierdeshalles.fr\/?s={search_term_string}\"},\"query-input\":\"required name=search_term_string\"}],\"inLanguage\":\"fr-FR\"},{\"@type\":\"Organization\",\"@id\":\"http:\/\/www.lefruitierdeshalles.fr\/#organization\",\"name\":\"Fruitier des Halles\",\"url\":\"http:\/\/www.lefruitierdeshalles.fr\/\",\"logo\":{\"@type\":\"ImageObject\",\"inLanguage\":\"fr-FR\",\"@id\":\"http:\/\/www.lefruitierdeshalles.fr\/#\/schema\/logo\/image\/\",\"url\":\"http:\/\/www.lefruitierdeshalles.fr\/wp-content\/uploads\/2023\/04\/cropped-Logo-3_Plan-de-travail-1-03.png\",\"contentUrl\":\"http:\/\/www.lefruitierdeshalles.fr\/wp-content\/uploads\/2023\/04\/cropped-Logo-3_Plan-de-travail-1-03.png\",\"width\":512,\"height\":512,\"caption\":\"Fruitier des Halles\"},\"image\":{\"@id\":\"http:\/\/www.lefruitierdeshalles.fr\/#\/schema\/logo\/image\/\"},\"sameAs\":[\"https:\/\/www.instagram.com\/lefruitierdeshalles_rouen\/\"]},{\"@type\":\"Person\",\"@id\":\"http:\/\/www.lefruitierdeshalles.fr\/#\/schema\/person\/a1a715cc48c72f47e3a5e13727337d24\",\"name\":\"admin0501\",\"image\":{\"@type\":\"ImageObject\",\"inLanguage\":\"fr-FR\",\"@id\":\"http:\/\/www.lefruitierdeshalles.fr\/#\/schema\/person\/image\/\",\"url\":\"https:\/\/secure.gravatar.com\/avatar\/1b9c9ae7ed80a22085b2f51f5e3dea55b613e58535e092fff6104c7b43f43613?s=96&d=mm&r=g\",\"contentUrl\":\"https:\/\/secure.gravatar.com\/avatar\/1b9c9ae7ed80a22085b2f51f5e3dea55b613e58535e092fff6104c7b43f43613?s=96&d=mm&r=g\",\"caption\":\"admin0501\"},\"sameAs\":[\"http:\/\/www.lefruitierdeshalles.fr\"],\"url\":\"https:\/\/www.lefruitierdeshalles.fr\/index.php\/author\/admin0501\/\"}]}<\/script>\n<!-- \/ Yoast SEO plugin. -->","yoast_head_json":{"title":"Changement de propri\u00e9taire - Fruitier des Halles","robots":{"index":"index","follow":"follow","max-snippet":"max-snippet:-1","max-image-preview":"max-image-preview:large","max-video-preview":"max-video-preview:-1"},"canonical":"http:\/\/www.lefruitierdeshalles.fr\/index.php\/2023\/01\/02\/changement-de-proprietaire\/","og_locale":"fr_FR","og_type":"article","og_title":"Changement de propri\u00e9taire - Fruitier des Halles","og_description":"Nous sommes heureux de vous annoncer qu&#8217;apr\u00e8s de nombreuses ann\u00e9es de succ\u00e8s \u00e0 la t\u00eate du Fruitier des Halles, Monsieur et Madame Caillet, ont d\u00e9cid\u00e9&hellip;","og_url":"http:\/\/www.lefruitierdeshalles.fr\/index.php\/2023\/01\/02\/changement-de-proprietaire\/","og_site_name":"Fruitier des Halles","article_published_time":"2023-01-02T14:06:00+00:00","article_modified_time":"2023-05-17T07:58:58+00:00","author":"admin0501","twitter_card":"summary_large_image","twitter_misc":{"\u00c9crit par":"admin0501","Dur\u00e9e de lecture estim\u00e9e":"1 minute"},"schema":{"@context":"https:\/\/schema.org","@graph":[{"@type":"Article","@id":"http:\/\/www.lefruitierdeshalles.fr\/index.php\/2023\/01\/02\/changement-de-proprietaire\/#article","isPartOf":{"@id":"http:\/\/www.lefruitierdeshalles.fr\/index.php\/2023\/01\/02\/changement-de-proprietaire\/"},"author":{"name":"admin0501","@id":"http:\/\/www.lefruitierdeshalles.fr\/#\/schema\/person\/a1a715cc48c72f47e3a5e13727337d24"},"headline":"Changement de propri\u00e9taire","datePublished":"2023-01-02T14:06:00+00:00","dateModified":"2023-05-17T07:58:58+00:00","mainEntityOfPage":{"@id":"http:\/\/www.lefruitierdeshalles.fr\/index.php\/2023\/01\/02\/changement-de-proprietaire\/"},"wordCount":274,"publisher":{"@id":"http:\/\/www.lefruitierdeshalles.fr\/#organization"},"articleSection":["Actualit\u00e9"],"inLanguage":"fr-FR"},{"@type":"WebPage","@id":"http:\/\/www.lefruitierdeshalles.fr\/index.php\/2023\/01\/02\/changement-de-proprietaire\/","url":"http:\/\/www.lefruitierdeshalles.fr\/index.php\/2023\/01\/02\/changement-de-proprietaire\/","name":"Changement de propri\u00e9taire - Fruitier des Halles","isPartOf":{"@id":"http:\/\/www.lefruitierdeshalles.fr\/#website"},"datePublished":"2023-01-02T14:06:00+00:00","dateModified":"2023-05-17T07:58:58+00:00","breadcrumb":{"@id":"http:\/\/www.lefruitierdeshalles.fr\/index.php\/2023\/01\/02\/changement-de-proprietaire\/#breadcrumb"},"inLanguage":"fr-FR","potentialAction":[{"@type":"ReadAction","target":["http:\/\/www.lefruitierdeshalles.fr\/index.php\/2023\/01\/02\/changement-de-proprietaire\/"]}]},{"@type":"BreadcrumbList","@id":"http:\/\/www.lefruitierdeshalles.fr\/index.php\/2023\/01\/02\/changement-de-proprietaire\/#breadcrumb","itemListElement":[{"@type":"ListItem","position":1,"name":"Accueil","item":"http:\/\/www.lefruitierdeshalles.fr\/"},{"@type":"ListItem","position":2,"name":"Changement de propri\u00e9taire"}]},{"@type":"WebSite","@id":"http:\/\/www.lefruitierdeshalles.fr\/#website","url":"http:\/\/www.lefruitierdeshalles.fr\/","name":"Fruitier des Halles","description":"Primeur \u00e0 Rouen","publisher":{"@id":"http:\/\/www.lefruitierdeshalles.fr\/#organization"},"potentialAction":[{"@type":"SearchAction","target":{"@type":"EntryPoint","urlTemplate":"http:\/\/www.lefruitierdeshalles.fr\/?s={search_term_string}"},"query-input":"required name=search_term_string"}],"inLanguage":"fr-FR"},{"@type":"Organization","@id":"http:\/\/www.lefruitierdeshalles.fr\/#organization","name":"Fruitier des Halles","url":"http:\/\/www.lefruitierdeshalles.fr\/","logo":{"@type":"ImageObject","inLanguage":"fr-FR","@id":"http:\/\/www.lefruitierdeshalles.fr\/#\/schema\/logo\/image\/","url":"http:\/\/www.lefruitierdeshalles.fr\/wp-content\/uploads\/2023\/04\/cropped-Logo-3_Plan-de-travail-1-03.png","contentUrl":"http:\/\/www.lefruitierdeshalles.fr\/wp-content\/uploads\/2023\/04\/cropped-Logo-3_Plan-de-travail-1-03.png","width":512,"height":512,"caption":"Fruitier des Halles"},"image":{"@id":"http:\/\/www.lefruitierdeshalles.fr\/#\/schema\/logo\/image\/"},"sameAs":["https:\/\/www.instagram.com\/lefruitierdeshalles_rouen\/"]},{"@type":"Person","@id":"http:\/\/www.lefruitierdeshalles.fr\/#\/schema\/person\/a1a715cc48c72f47e3a5e13727337d24","name":"admin0501","image":{"@type":"ImageObject","inLanguage":"fr-FR","@id":"http:\/\/www.lefruitierdeshalles.fr\/#\/schema\/person\/image\/","url":"https:\/\/secure.gravatar.com\/avatar\/1b9c9ae7ed80a22085b2f51f5e3dea55b613e58535e092fff6104c7b43f43613?s=96&d=mm&r=g","contentUrl":"https:\/\/secure.gravatar.com\/avatar\/1b9c9ae7ed80a22085b2f51f5e3dea55b613e58535e092fff6104c7b43f43613?s=96&d=mm&r=g","caption":"admin0501"},"sameAs":["http:\/\/www.lefruitierdeshalles.fr"],"url":"https:\/\/www.lefruitierdeshalles.fr\/index.php\/author\/admin0501\/"}]}},"_links":{"self":[{"href":"https:\/\/www.lefruitierdeshalles.fr\/index.php\/wp-json\/wp\/v2\/posts\/2066","targetHints":{"allow":["GET"]}}],"collection":[{"href":"https:\/\/www.lefruitierdeshalles.fr\/index.php\/wp-json\/wp\/v2\/posts"}],"about":[{"href":"https:\/\/www.lefruitierdeshalles.fr\/index.php\/wp-json\/wp\/v2\/types\/post"}],"author":[{"embeddable":true,"href":"https:\/\/www.lefruitierdeshalles.fr\/index.php\/wp-json\/wp\/v2\/users\/1"}],"replies":[{"embeddable":true,"href":"https:\/\/www.lefruitierdeshalles.fr\/index.php\/wp-json\/wp\/v2\/comments?post=2066"}],"version-history":[{"count":3,"href":"https:\/\/www.lefruitierdeshalles.fr\/index.php\/wp-json\/wp\/v2\/posts\/2066\/revisions"}],"predecessor-version":[{"id":2079,"href":"https:\/\/www.lefruitierdeshalles.fr\/index.php\/wp-json\/wp\/v2\/posts\/2066\/revisions\/2079"}],"wp:attachment":[{"href":"https:\/\/www.lefruitierdeshalles.fr\/index.php\/wp-json\/wp\/v2\/media?parent=2066"}],"wp:term":[{"taxonomy":"category","embeddable":true,"href":"https:\/\/www.lefruitierdeshalles.fr\/index.php\/wp-json\/wp\/v2\/categories?post=2066"},{"taxonomy":"post_tag","embeddable":true,"href":"https:\/\/www.lefruitierdeshalles.fr\/index.php\/wp-json\/wp\/v2\/tags?post=2066"}],"curies":[{"name":"wp","href":"https:\/\/api.w.org\/{rel}","templated":true}]}}